[{"@context":"https:\/\/schema.org\/","@type":"Article","@id":"https:\/\/www.subasta.cz\/dovolena-u-more-pro-rodiny-s-detmi-i-pro-milenecke-pary\/#Article","mainEntityOfPage":"https:\/\/www.subasta.cz\/dovolena-u-more-pro-rodiny-s-detmi-i-pro-milenecke-pary\/","headline":"Dovolen\u00e1 u mo\u0159e pro rodiny s d\u011btmi i pro mileneck\u00e9 p\u00e1ry","name":"Dovolen\u00e1 u mo\u0159e pro rodiny s d\u011btmi i pro mileneck\u00e9 p\u00e1ry","description":"A\u0165 u\u017e hodl\u00e1te vyrazit na Va\u0161i letn\u00ed dovolenou s k\u00fdmkoli, neponech\u00e1vejte jej\u00ed rezervaci n\u00e1hod\u011b. A...","datePublished":"2023-06-08","dateModified":"2024-06-09","author":{"@type":"Person","@id":"https:\/\/www.subasta.cz\/author\/#Person","name":"","url":"https:\/\/www.subasta.cz\/author\/","identifier":1,"image":{"@type":"ImageObject","@id":"https:\/\/secure.gravatar.com\/avatar\/42264ea8f5170010011c6bbf811aa6c31c20ad3acf2a9bd21dca0746ea8c832a?s=96&d=mm&r=g","url":"https:\/\/secure.gravatar.com\/avatar\/42264ea8f5170010011c6bbf811aa6c31c20ad3acf2a9bd21dca0746ea8c832a?s=96&d=mm&r=g","height":96,"width":96}},"publisher":{"@type":"Organization","name":"subasta.cz","logo":{"@type":"ImageObject","@id":"\/logo.png","url":"\/logo.png","width":600,"height":60}},"url":"https:\/\/www.subasta.cz\/dovolena-u-more-pro-rodiny-s-detmi-i-pro-milenecke-pary\/","wordCount":222,"articleBody":"A\u0165 u\u017e hodl\u00e1te vyrazit na Va\u0161i letn\u00ed dovolenou s k\u00fdmkoli, neponech\u00e1vejte jej\u00ed rezervaci n\u00e1hod\u011b. A pokud ji\u017e dnes v\u00edte, kam byste cht\u011bli vyrazit, nev\u00e1hejte si takovou dovolenou rezervovat ji\u017e nyn\u00ed! Je to v\u00fdhodn\u00e9 nejen z praktick\u00e9ho hlediska, ale rovn\u011b\u017e tak\u00e9 z finan\u010dn\u00edho! M\u016f\u017eete si zaplacen\u00ed takov\u00e9 dovolen\u00e9 rozd\u011blit na v\u00edckr\u00e1t, t\u00edm p\u00e1dem se V\u00e1m nestane, \u017ee p\u0159ed za\u010d\u00e1tkem letn\u00edch pr\u00e1zdnin budete skuhrat, \u017ee ostatn\u00ed jedou n\u011bkam za slun\u00ed\u010dkem a Vy mus\u00edte z\u016fstat doma. Rezervujte si dovolenou, kterou V\u00e1m nab\u00edz\u00ed ostrov Krk!\tNe\u010dekan\u00e9 dobrodru\u017estv\u00ed, kter\u00e9 \u010d\u00edh\u00e1 skoro za rohemPokud m\u00e1te r\u00e1di Chorvatsko jako m\u00edsto pro Va\u0161i letn\u00ed dovolenou, ur\u010dit\u011b nev\u00e1hejte a vyrazte na ostrov Krk, kter\u00fd je p\u0159ekr\u00e1sn\u00fd a nab\u00edz\u00ed spoustu zaj\u00edmav\u00fdch m\u00edst, kter\u00e9 jste t\u0159eba je\u0161t\u011b nem\u011bli mo\u017enost vid\u011bt. Vyberte si jedno z malebn\u00fdch m\u011bste\u010dek, kde budete tr\u00e1vit Va\u0161i letn\u00ed dovolenou a obra\u0165te se na cestovn\u00ed kancel\u00e1\u0159 ABC, kter\u00e1 V\u00e1m v\u0161e za\u0159\u00edd\u00ed, a\u0165 u\u017e se chcete ubytovat ve stanu nebo t\u0159eba v apartm\u00e1nu \u010di takov\u00e9m poj\u00edzdn\u00e9m karavanu.                                                                                                                                                                                                                                                                                                                                                                                        4.7\/5 - (6 votes)        "},{"@context":"https:\/\/schema.org\/","@type":"BreadcrumbList","itemListElement":[{"@type":"ListItem","position":1,"name":"Dovolen\u00e1 u mo\u0159e pro rodiny s d\u011btmi i pro mileneck\u00e9 p\u00e1ry","item":"https:\/\/www.subasta.cz\/dovolena-u-more-pro-rodiny-s-detmi-i-pro-milenecke-pary\/#breadcrumbitem"}]}]