[{"@context":"https:\/\/schema.org\/","@type":"Article","@id":"https:\/\/www.subasta.cz\/dovolena-od-zamestnavatele\/#Article","mainEntityOfPage":"https:\/\/www.subasta.cz\/dovolena-od-zamestnavatele\/","headline":"Dovolen\u00e1 od zam\u011bstnavatele","name":"Dovolen\u00e1 od zam\u011bstnavatele","description":"Mnoho lid\u00ed jezd\u00ed na dovolenou, aby si po\u0159\u00e1dn\u011b odpo\u010dinuli. Jenom\u017ee tak\u00e9 jsou lid\u00e9, kte\u0159\u00ed jezd\u00ed...","datePublished":"2024-03-31","dateModified":"2024-03-31","author":{"@type":"Person","@id":"https:\/\/www.subasta.cz\/author\/#Person","name":"","url":"https:\/\/www.subasta.cz\/author\/","identifier":1,"image":{"@type":"ImageObject","@id":"https:\/\/secure.gravatar.com\/avatar\/42264ea8f5170010011c6bbf811aa6c31c20ad3acf2a9bd21dca0746ea8c832a?s=96&d=mm&r=g","url":"https:\/\/secure.gravatar.com\/avatar\/42264ea8f5170010011c6bbf811aa6c31c20ad3acf2a9bd21dca0746ea8c832a?s=96&d=mm&r=g","height":96,"width":96}},"publisher":{"@type":"Organization","name":"subasta.cz","logo":{"@type":"ImageObject","@id":"\/logo.png","url":"\/logo.png","width":600,"height":60}},"image":{"@type":"ImageObject","@id":"https:\/\/www.subasta.cz\/wp-content\/uploads\/beach-1836467_960_720_2.jpg","url":"https:\/\/www.subasta.cz\/wp-content\/uploads\/beach-1836467_960_720_2.jpg","height":0,"width":0},"url":"https:\/\/www.subasta.cz\/dovolena-od-zamestnavatele\/","about":["Dovolen\u00e1"],"wordCount":427,"articleBody":"Mnoho lid\u00ed jezd\u00ed na dovolenou, aby si po\u0159\u00e1dn\u011b odpo\u010dinuli. Jenom\u017ee tak\u00e9 jsou lid\u00e9, kte\u0159\u00ed jezd\u00ed na pracovn\u00ed dovolenou. V\u00edte, co je to pracovn\u00ed dovolen\u00e1? To je to, kdy\u017e zam\u011bstnavatel v\u00e1m zaplat\u00ed dovolenou, abyste si od jeho pr\u00e1ce odpo\u010dinuli. Mnoho lid\u00ed si mysl\u00ed, \u017ee se vlastn\u011b odpo\u010dinou i od sv\u00e9ho \u0161\u00e9fa. Podle m\u00e9ho n\u00e1zoru by to nebylo na \u0161kodu, kdyby i lid\u00e9 si odpo\u010dinuli od sv\u00e9ho \u0161\u00e9fa. Samoz\u0159ejm\u011b, \u017ee m\u011b berte trochu s rezervou, proto\u017ee si d\u011bl\u00e1m srandu, ale opravdu plat\u00ed, \u017ee n\u011bkte\u0159\u00ed zam\u011bstnavatel\u00e9 proplat\u00ed sv\u00e9mu zam\u011bstnanci dovolenou.\u00a0A to v p\u0159\u00edpad\u011b, kdy\u017e t\u0159eba zam\u011bstnanec m\u00e1 opravdu n\u00e1ro\u010dnou pr\u00e1ci, jak n\u00e1ro\u010dnou pr\u00e1ci\u00a0fyzicky, tak tak\u00e9 samoz\u0159ejm\u011b n\u00e1ro\u010dnou pr\u00e1ci fyzicky. Proto\u017ee psychika a\u00a0fyzi\u010dnost spolu opravdu hodn\u011b souvis\u00ed. Proto\u017ee kdyby lid\u00e9, a v\u00a0tomto p\u0159\u00edpad\u011b zam\u011bstnanci byli opravdu hodn\u011b unaven\u00ed a smutn\u00ed, tak to potom nedopad\u00e1 dob\u0159e. \u010clov\u011bk m\u016f\u017ee trp\u011bt syndromem vyho\u0159en\u00ed a nebo potom tak\u00e9 z\u00edsk\u00e1 odpor ke sv\u00e9 pr\u00e1ci a potom se tak\u00e9 \u010dlov\u011bk m\u016f\u017ee h\u00e1dat se sv\u00fdmi kolegy anebo dokonce i se sv\u00fdm zam\u011bstnavatelem. A pokud se zam\u011bstnanec h\u00e1d\u00e1 se sv\u00fdm zam\u011bstnavatelem, tak to potom v\u016fbec nedopad\u00e1 dob\u0159e a ve v\u011bt\u0161in\u011b p\u0159\u00edpad\u016f zam\u011bstnanec potom ze sv\u00e9ho zam\u011bstn\u00e1n\u00ed odejde. Proto je velice d\u016fle\u017eit\u00fd odpo\u010dinek a tak\u00e9 relax a nebo n\u011bjak\u00e1 dovolen\u00e1.\u00a0A\u0165 u\u017e je to dovolen\u00e1 n\u011bkde v zim\u011b na hor\u00e1ch a nebo dovolen\u00e1 n\u011bkde u mo\u0159e, kde je opravdu kr\u00e1sn\u00e9 tepl\u00ed\u010dko. A kdy\u017e u\u017e se bav\u00edme o dovolen\u00e9, tak jak\u00e9 dovolen\u00e9 vy d\u00e1v\u00e1te p\u0159ednost n\u011bkde v zim\u011b na hor\u00e1ch a nebo t\u0159eba n\u011bkde v teple na slunku a n\u011bkde na pl\u00e1\u017ei? J\u00e1 abych se p\u0159iznala, tak nejrad\u011bji m\u00e1m pr\u00e1v\u011b pl\u00e1\u017e. Pl\u00e1\u017e, slunce a teplo a v\u017edycky n\u011bkde na pl\u00e1\u017ei na dece pop\u00edjet opravdu lahodn\u00e9 koktejly. Tohle by byla opravdu moje nejvysn\u011bn\u011bj\u0161\u00ed dovolen\u00e1. Nejrad\u011bji m\u00e1m Dubaj, i kdy\u017e jsem v Dubaji je\u0161t\u011b nikdy nebyla, ale je to m\u016fj sen, m\u016fj sen je Dubaj a cht\u011bla bych tam str\u00e1vit alespo\u0148 dv\u011b\u00a0noci, proto\u017ee na jeden den tam v\u016fbec nem\u00e1 cenu jet.\u00a0                                                                                                                                                                                                                                                                                                                                                                                        4.4\/5 - (8 votes)        "},{"@context":"https:\/\/schema.org\/","@type":"BreadcrumbList","itemListElement":[{"@type":"ListItem","position":1,"name":"Dovolen\u00e1 od zam\u011bstnavatele","item":"https:\/\/www.subasta.cz\/dovolena-od-zamestnavatele\/#breadcrumbitem"}]}]