[{"@context":"https:\/\/schema.org\/","@type":"Article","@id":"https:\/\/www.subasta.cz\/deti-by-si-s-elektrickym-proudem-nemely-tykat\/#Article","mainEntityOfPage":"https:\/\/www.subasta.cz\/deti-by-si-s-elektrickym-proudem-nemely-tykat\/","headline":"D\u011bti by si s elektrick\u00fdm proudem nem\u011bly tykat","name":"D\u011bti by si s elektrick\u00fdm proudem nem\u011bly tykat","description":"&#13; Dosp\u011bl\u00fd \u010dlov\u011bk a elektrick\u00fd proud v rozvodn\u00e9 s\u00edti \u2013 to nejde dohromady. A\u010dkoliv se...","datePublished":"2018-06-05","dateModified":"2023-06-13","author":{"@type":"Person","@id":"https:\/\/www.subasta.cz\/author\/#Person","name":"","url":"https:\/\/www.subasta.cz\/author\/","identifier":1,"image":{"@type":"ImageObject","@id":"https:\/\/secure.gravatar.com\/avatar\/42264ea8f5170010011c6bbf811aa6c31c20ad3acf2a9bd21dca0746ea8c832a?s=96&d=mm&r=g","url":"https:\/\/secure.gravatar.com\/avatar\/42264ea8f5170010011c6bbf811aa6c31c20ad3acf2a9bd21dca0746ea8c832a?s=96&d=mm&r=g","height":96,"width":96}},"publisher":{"@type":"Organization","name":"subasta.cz","logo":{"@type":"ImageObject","@id":"\/logo.png","url":"\/logo.png","width":600,"height":60}},"image":{"@type":"ImageObject","@id":"https:\/\/www.subasta.cz\/wp-content\/uploads\/img_a321541_w1745_t1532769378.jpg","url":"https:\/\/www.subasta.cz\/wp-content\/uploads\/img_a321541_w1745_t1532769378.jpg","height":0,"width":0},"url":"https:\/\/www.subasta.cz\/deti-by-si-s-elektrickym-proudem-nemely-tykat\/","about":["D\u011bti"],"wordCount":453,"articleBody":"&#13; Dosp\u011bl\u00fd \u010dlov\u011bk a elektrick\u00fd proud v rozvodn\u00e9 s\u00edti \u2013 to nejde dohromady. A\u010dkoliv se elekt\u0159ina v z\u00e1suvce \u0161\u00ed\u0159\u00ed bez z\u00e1pachu, bez hluku a bez barvy, vn\u00edm\u00e1me ji velice dob\u0159e dotekem. C\u00edt\u00edme jej\u00ed p\u016fsoben\u00ed ji\u017e v mal\u00e9m v\u00fdkonnostn\u00edm re\u017eimu, nato\u017e pod nap\u011bt\u00edm 230 Volt\u016f.&#13; N\u011bkte\u0159\u00ed zku\u0161en\u00ed elektromont\u00e9\u0159i o n\u00ed tvrd\u00ed, \u017ee jen maxim\u00e1ln\u011b \u010dlov\u011bka nakopne, zabrn\u00ed, a \u017ee nen\u00ed t\u0159eba panika\u0159it, lidem se slab\u0161\u00edm srdcem v\u0161ak m\u016f\u017ee ubl\u00ed\u017eit fat\u00e1ln\u00edm zp\u016fsobem. A co teprve d\u011btem.&#13; &#13; Nenech\u00e1vejte d\u011bti v ohro\u017een\u00ed \u017eivota&#13; Mal\u00ed v\u0161ete\u010dn\u00ed tvorov\u00e9 r\u00e1di zkoumaj\u00ed v\u0161e, co jim p\u0159ijde pod ruku. Jsou to bytosti hrav\u00e9, bezstarostn\u00e9, neoby\u010dejn\u011b vynal\u00e9zav\u00e9, a tak nen\u00ed probl\u00e9m pro n\u011b zastr\u010dit do zd\u00ed\u0159ky z\u00e1suvky t\u0159eba hrot n\u016f\u017eek na nehty, pletac\u00ed jehlici, sponku na vlasy, \u0161pendl\u00edk, a ono by se jist\u011b je\u0161t\u011b n\u011bco tenk\u00e9ho a kovov\u00e9ho na\u0161lo. A \u017ee se d\u011bti neost\u00fdchaj\u00ed p\u0159edv\u00e9st svoje dovednosti i na ve\u0159ejnosti, dokazuje jedna p\u0159\u00edhoda z V\u00e1clavsk\u00e9ho n\u00e1m\u011bst\u00ed v Praze. V roce 1978 tam ve vyhl\u00e1\u0161en\u00e9m bufetu \u201eKoruna\u201c vyhodil hlavn\u00ed jisti\u010d mal\u00fd p\u011btilet\u00fd klu\u010dina, co zp\u016fsobil zkrat v z\u00e1suvce zastr\u010den\u00edm kovov\u00e9 sponky do vlas\u016f.&#13; Ten klu\u010dina to p\u0159e\u017eil, a dnes je z n\u011bj dokonce elektromont\u00e9r, co tvrd\u00ed, \u017ee elekt\u0159ina v z\u00e1suvce jen m\u00edrn\u011b brn\u00ed, ov\u0161em sv\u00e9 d\u011bti p\u0159ed \u00fa\u010dinky elektrick\u00e9ho proudu d\u016fkladn\u011b chr\u00e1n\u00ed. Dokonce aktivn\u011b prod\u00e1v\u00e1 d\u011btsk\u00e9 pojistky do z\u00e1suvek. Chce to zkr\u00e1tka ten spr\u00e1vn\u00fd lidsk\u00fdp\u0159\u00edstup.&#13; Plastov\u00e9 kryty z\u00e1suvek&#13; Jsou to bezpe\u010dnostn\u00ed kryty r\u016fzn\u00e9ho tvaru, nej\u010dast\u011bji kruhov\u00e9ho, je\u017e vypln\u00ed vnit\u0159n\u00ed prostor z\u00e1suvek tak, aby d\u011bti nem\u011bly \u0161anci proniknout do f\u00e1zov\u00e9 zd\u00ed\u0159ky a propojit ji s nul\u00e1kem a kol\u00edkem. Osadit bychom je m\u011bli p\u0159edev\u0161\u00edm v d\u011btsk\u00e9m pokoji, kde jsou z\u00e1suvky p\u0159\u00edmo v jejich dosahu, d\u00e1le nezapom\u00ednejme na voln\u00e9 zd\u00ed\u0159ky v ob\u00fdvac\u00edm pokoji a v lo\u017enici, v\u011bt\u0161inou tam, kde na n\u011b spolehliv\u011b dos\u00e1hnou. A\u0165 u\u017e se rozhodnete pro jak\u00fdkoliv model, i kdyby m\u011bl b\u00fdt t\u0159eba opat\u0159en potiskem s Maxipsem F\u00edkem nebo kr\u00e1l\u00edky z klobouku, v\u011bzte, \u017ee sv\u00fdm ratolestem prok\u00e1\u017eete slu\u017ebu, za n\u00ed\u017e v\u00e1m mo\u017en\u00e1 budou v dosp\u011blosti vd\u011b\u010dn\u00e9.                                                                                                                                                                                                                                                                                                                                                                                        4\/5 - (6 votes)        "},{"@context":"https:\/\/schema.org\/","@type":"BreadcrumbList","itemListElement":[{"@type":"ListItem","position":1,"name":"D\u011bti by si s elektrick\u00fdm proudem nem\u011bly tykat","item":"https:\/\/www.subasta.cz\/deti-by-si-s-elektrickym-proudem-nemely-tykat\/#breadcrumbitem"}]}]